{"id":349,"date":"2013-11-16T08:36:16","date_gmt":"2013-11-16T08:36:16","guid":{"rendered":"http:\/\/www.agroturismokorteta.com\/?p=349"},"modified":"2013-11-16T08:36:16","modified_gmt":"2013-11-16T08:36:16","slug":"sukaldaritzako-bloggerak-kortetan","status":"publish","type":"post","link":"https:\/\/www.agroturismokorteta.com\/eu\/sukaldaritzako-bloggerak-kortetan\/","title":{"rendered":"Sukaldaritzako blogerrak Kortetan."},"content":{"rendered":"<p>Jes\u00fas Miguel Garc\u00eda eta Pamela Rodr\u00edguez atzo iritsi ziren Tolosara, gaur ospatuko den Babarrun festan egon ahal izateko. Lehenik Gorrotxategiren konfiteri museoa ikusi zuten eta ondoren Berrobiko Iriarte jatetxera joan ziren afaltzera Tolosaldeatourreko Alo\u00f1ak lagundurik.<\/p>\n<p>Gaua Kortetan igaro dute eta gosariaren ondoren Babarrun Elkartetik pasako dira larunbateroko azokara joan aurretik. Gosaltzeko mazedonia, laranja zukua, bizkotxo egin berria, ogia, urdaiazpikoa eta Martintxikiko gazta eskeini dizkiegu, kafeaz lagundurik. Ea gaurko hotzari aurre egiten dioten!<\/p>\n<p>Epaimahai bezala arituko dira, Babarrunaren kofradiako partaide batekin, Aizpea Oihaneder, Enrique Fleischmann eta Leire Olaberriarekin batera. Ondoren sari banaketa egingo da, lekari irabazlearen subasta eta epaimahaikoak Julian Etxera joango dira bazkaltzera. Ziur aho zapore onarekin bukatuko dutela eguna.<\/p>\n<p><a href=\"http:\/\/www.eladerezo.com\" target=\"_blank\" rel=\"noopener nofollow\">www.eladerezo.com<\/a><\/p>\n<p><a href=\"www.unodedos.com\" target=\"_blank\" rel=\"noopener\">www.unodedos.com<\/a><\/p>\n","protected":false},"excerpt":{"rendered":"<p>Jes\u00fas Miguel Garc\u00eda eta Pamela Rodr\u00edguez atzo iritsi ziren Tolosara, gaur ospatuko den Babarrun festan egon ahal izateko&#8230;.<\/p>\n","protected":false},"author":2,"featured_media":347,"comment_status":"closed","ping_status":"closed","sticky":false,"template":"","format":"standard","meta":{"_joinchat":[],"footnotes":""},"categories":[],"tags":[],"class_list":["post-349","post","type-post","status-publish","format-standard","has-post-thumbnail"],"_links":{"self":[{"href":"https:\/\/www.agroturismokorteta.com\/eu\/wp-json\/wp\/v2\/posts\/349","targetHints":{"allow":["GET"]}}],"collection":[{"href":"https:\/\/www.agroturismokorteta.com\/eu\/wp-json\/wp\/v2\/posts"}],"about":[{"href":"https:\/\/www.agroturismokorteta.com\/eu\/wp-json\/wp\/v2\/types\/post"}],"author":[{"embeddable":true,"href":"https:\/\/www.agroturismokorteta.com\/eu\/wp-json\/wp\/v2\/users\/2"}],"replies":[{"embeddable":true,"href":"https:\/\/www.agroturismokorteta.com\/eu\/wp-json\/wp\/v2\/comments?post=349"}],"version-history":[{"count":0,"href":"https:\/\/www.agroturismokorteta.com\/eu\/wp-json\/wp\/v2\/posts\/349\/revisions"}],"wp:featuredmedia":[{"embeddable":true,"href":"https:\/\/www.agroturismokorteta.com\/eu\/wp-json\/"}],"wp:attachment":[{"href":"https:\/\/www.agroturismokorteta.com\/eu\/wp-json\/wp\/v2\/media?parent=349"}],"wp:term":[{"taxonomy":"category","embeddable":true,"href":"https:\/\/www.agroturismokorteta.com\/eu\/wp-json\/wp\/v2\/categories?post=349"},{"taxonomy":"post_tag","embeddable":true,"href":"https:\/\/www.agroturismokorteta.com\/eu\/wp-json\/wp\/v2\/tags?post=349"}],"curies":[{"name":"wp","href":"https:\/\/api.w.org\/{rel}","templated":true}]}}